{"id":2680,"date":"2019-05-28T21:58:24","date_gmt":"2019-05-28T19:58:24","guid":{"rendered":"https:\/\/www.cestbeauca.fr\/?p=2680"},"modified":"2019-05-28T21:58:24","modified_gmt":"2019-05-28T19:58:24","slug":"et-le-retour-alors","status":"publish","type":"post","link":"https:\/\/www.cestbeauca.fr\/index.php\/2019\/05\/28\/et-le-retour-alors\/","title":{"rendered":"Et le retour alors ?"},"content":{"rendered":"<p><\/p><p style=\"text-align: justify;\">Nous avons mis une semaine pour arr\u00eater d&rsquo;h\u00e9siter entre mettre le papier toilette dans une poubelle ou dans la cuvette. Nous avons mis deux semaines pour boire l&rsquo;eau du robinet sans h\u00e9sitation. Nous avons mis trois semaines pour trouver notre nouveau chez nous. Et \u00e0 la quatri\u00e8me semaine on ne comprend pas encore pourquoi on se l\u00e8ve le matin pour aller travailler. Un pied rationnel est content d&rsquo;y aller, d&rsquo;autant que nous aimons profond\u00e9ment nos m\u00e9tiers. Un pied r\u00eaveur est dans l&rsquo;avenir, pour cr\u00e9er la suite de notre vie. Beaucoup d&rsquo;id\u00e9es ont <span class=\"gmail_default\">germ\u00e9<\/span> pendant notre ann\u00e9e hors temps. Aujourd&rsquo;hui nous avons envie de planter les semis. Mais entre autres choses, le voyage nous a appris la patience. Alors en attendant, nous planterons des choux \u00e0 la mode dans notre nouveau jardin, avec la m\u00e8re Michel qui va retrouver ses deux chats.<\/p>\n<p><\/p>\n\n\n<div class=\"wp-block-image\"><figure class=\"aligncenter\"><img loading=\"lazy\" decoding=\"async\" width=\"768\" height=\"1024\" src=\"https:\/\/www.cestbeauca.fr\/wp-content\/uploads\/2019\/05\/IMG-20190511-WA0002-768x1024.jpg\" alt=\"\" class=\"wp-image-2684\" srcset=\"https:\/\/www.cestbeauca.fr\/wp-content\/uploads\/2019\/05\/IMG-20190511-WA0002-768x1024.jpg 768w, https:\/\/www.cestbeauca.fr\/wp-content\/uploads\/2019\/05\/IMG-20190511-WA0002-225x300.jpg 225w, https:\/\/www.cestbeauca.fr\/wp-content\/uploads\/2019\/05\/IMG-20190511-WA0002.jpg 960w\" sizes=\"(max-width: 768px) 100vw, 768px\" \/><figcaption>Vincent, au travail sur le Giro en Italie. <em>Photo de William Vernis.<\/em><\/figcaption><\/figure><\/div>\n\n\n<p><\/p>\n<div style=\"text-align: justify;\">Et alors ? Ce retour ?<\/div>\n<div style=\"text-align: justify;\">&nbsp;<\/div>\n<div style=\"text-align: justify;\">Nos amis, notre famille, nos coll\u00e8gues sont l\u00e0, pr\u00e9sents, posent des questions intelligentes. Elles nous permettent parfois de verbaliser ce que nous n&rsquo;avions pas encore verbaliser quant \u00e0 nos exp\u00e9riences, notre \u00e9volution personnelle, et au sein de notre couple. Mais petit \u00e0 petit le quotidien reprend le dessus et les discussions concr\u00e8tes reviennent. Pour nous, le voyage et le bouleversement que nous avons v\u00e9cu nous feraient en parler encore des heures durant. Mais c&rsquo;est impossible. D&rsquo;ailleurs comment parler d&rsquo;un voyage en fait ? Ce serait trop de d\u00e9tails sur trop de sujets diff\u00e9rents. Alors on en discute par petites bribes, en sachant pertinemment qu&rsquo;au fond de nous c&rsquo;est ancr\u00e9. Qu&rsquo;il y a un avant, un pendant, un apr\u00e8s et probablement une continuit\u00e9.<\/div>\n<div style=\"text-align: justify;\">Certains nous on dit avoir \u00e9t\u00e9 fiers de nous, ou impressionn\u00e9s. C&rsquo;est amusant et touchant de lire \u00e7a dans les yeux des autres. Mais nous ne l&rsquo;avons pas v\u00e9cu ainsi. C&rsquo;\u00e9tait notre quotidien, notre normalit\u00e9, pas plus compliqu\u00e9 \u00e0 vivre finalement qu&rsquo;autre chose. Nous avons m\u00eame au contraire \u00e9t\u00e9 tr\u00e8s conscients du bonheur que nous nous offrions. Et je vous promets qu&rsquo;il est facile d&rsquo;accepter toute cette joie ! Nous avons joui de ce luxe de prendre le temps. Et nous souhaitons \u00e0 chacun d&rsquo;entre vous de vivre un jour cette exp\u00e9rience : l&rsquo;oublier (ce temps). De ne plus savoir quel jour nous sommes, et de se demander si janvier n&rsquo;est pas mars. La montre de Vincent a d&rsquo;ailleurs eu la d\u00e9cence de vider sa pile assez rapidement.<\/div>\n<div style=\"text-align: justify;\">Apr\u00e8s \u00e9videmment, sur une ann\u00e9e il y a des moments de doutes ou d&rsquo;inconfort. Je me suis beaucoup pos\u00e9e la question du sens de ce voyage, de ce comportement \u00e9go\u00efste que nous avions \u00e0 partir ainsi, vivre notre vie comme on le souhaitait, sans contrainte, sans obligation. Avec le recul de ce mois en France, je r\u00e9alise \u00e0 quel point cela a \u00e9t\u00e9 b\u00e9n\u00e9fique. J&rsquo;ai appris \u00e0 regarder mes \u00e9motions, \u00e0 les comprendre, \u00e0 les exprimer afin qu&rsquo;elles ne m&rsquo;envahissent plus au point d&rsquo;\u00eatre indomptables. Et puis j&rsquo;ai un peu moins peur des autres, surtout quand il s&rsquo;agit de communiquer dans une autre langue, parce que parfois j&rsquo;ai \u00e9t\u00e9 face \u00e0 l&rsquo;incompr\u00e9hension. Mais la bienveillance de l&rsquo;autre m&rsquo;a permis de chercher mes mots pour sortir une phrase. D&rsquo;autres fois nous n&rsquo;avions pas de mots en commun et pourtant nous nous sommes compris. Je revois encore cette dame dans son petit restaurant en Birmanie nous imiter la poule pour qu&rsquo;on comprenne qu&rsquo;au menu ce serait du poulet. On a ri avec elle et \u00e0 ce moment je me suis dit qu&rsquo;il \u00e9tait toujours possible d&rsquo;\u00e9changer.<\/div>\n<p style=\"text-align: justify;\">&nbsp;<\/p>\n<p><\/p>\n\n\n<div class=\"wp-block-image\"><figure class=\"aligncenter\"><img loading=\"lazy\" decoding=\"async\" width=\"576\" height=\"1024\" src=\"https:\/\/www.cestbeauca.fr\/wp-content\/uploads\/2019\/05\/IMG-20190508-WA0015-576x1024.jpg\" alt=\"\" class=\"wp-image-2685\" srcset=\"https:\/\/www.cestbeauca.fr\/wp-content\/uploads\/2019\/05\/IMG-20190508-WA0015-576x1024.jpg 576w, https:\/\/www.cestbeauca.fr\/wp-content\/uploads\/2019\/05\/IMG-20190508-WA0015-169x300.jpg 169w, https:\/\/www.cestbeauca.fr\/wp-content\/uploads\/2019\/05\/IMG-20190508-WA0015-768x1365.jpg 768w, https:\/\/www.cestbeauca.fr\/wp-content\/uploads\/2019\/05\/IMG-20190508-WA0015-788x1400.jpg 788w, https:\/\/www.cestbeauca.fr\/wp-content\/uploads\/2019\/05\/IMG-20190508-WA0015.jpg 900w\" sizes=\"(max-width: 576px) 100vw, 576px\" \/><figcaption>Les retrouvailles avec mon neveu. <em>Photo d&rsquo;Orlane Issico.<\/em><\/figcaption><\/figure><\/div>\n\n\n<p><\/p>\n<div>Et le retour, \u00e7a va ?<\/div>\n<div style=\"text-align: justify;\">&nbsp;<\/div>\n<div style=\"text-align: justify;\">Alors il se passe bien car nous sommes dans une belle dynamique que nous comptons bien garder longtemps. Nous retrouvons la France et les raisons de pourquoi nous l&rsquo;aimons. Entre autres le fromage, la puissance de l&rsquo;amiti\u00e9, le printemps. Nous retrouvons nos habitudes de remonter sur <span class=\"gmail_default\">Citron<\/span> et de p\u00e9daler \u00e0 droite. De profiter d&rsquo;une terrasse m\u00eame s&rsquo;il pleut parce que la pluie sent bon. Samedi matin, je suis all\u00e9e prendre un caf\u00e9 au soleil \u00e0 la terrasse du bistrot o\u00f9 j&rsquo;allais toujours quand j&rsquo;habitais dans le 18\u00e8me. Et Oussama est pass\u00e9, s&rsquo;est arr\u00eat\u00e9, et de son sourire sinc\u00e8re m&rsquo;a dit : \u00ab\u00a0Mais tu es revenue ? Mais \u00e7a fait au moins un an que je ne t&rsquo;ai pas vu ! Tu \u00e9tais o\u00f9 ? \u00c7a fait plaisir !\u00a0\u00bb. Oussama fait parti de ce quartier. Tout le monde le connais. Mais toi tu n&rsquo;es jamais s\u00fbre qu&rsquo;il se rappelle de toi. Il me fait la bise chaleureuse et s&rsquo;assoit en face de moi avec son caf\u00e9. Nous bavardons de mon voyage, et il me dit partir comme chaque ann\u00e9e un mois en \u00c9gypte, son beau pays qui n&rsquo;est plus vraiment le sien. Plus de 30 ans qu&rsquo;il vit en France et pourtant il parle mal le fran\u00e7ais. Mais lorsqu&rsquo;il rentre dans son pays de naissance, il se retrouve avec un accent fran\u00e7ais m\u00eal\u00e9 \u00e0 son arabe. Il est touriste l\u00e0-bas !<\/div>\n<div>Je m&rsquo;appr\u00eate \u00e0 partir et il me dit qu&rsquo;il m&rsquo;offre mon caf\u00e9 parce que \u00e7a lui fait plaisir que je sois l\u00e0 ! \u00c7a me touche \u00e9norm\u00e9ment parce que j&rsquo;ai toujours eu l&rsquo;impression d&rsquo;avoir eu une vie de quartier, mais il a fallu que je parte et que je revienne pour que quelqu&rsquo;un me montre que c&rsquo;\u00e9tait r\u00e9el, que j&rsquo;existais au sein de ce quartier. <p><\/p>\n<div>La question d&rsquo;\u00eatre chez soi a \u00e9t\u00e9 importante pendant notre p\u00e9riple. O\u00f9 peut-on s&rsquo;installer pour faire notre vie ? Partout ? Oui mais non. Qui sommes-nous ensuite&#8230; La vie d&rsquo;Oussama m&rsquo;interroge encore. Comme celle de ma mamie, fran\u00e7aise d&rsquo;Alg\u00e9rie. S&rsquo;int\u00e8gre-t-on vraiment un jour dans notre second pays ?<\/div>\n<\/div>\n<p><\/p>\n<p><\/p>\n\n\n<div class=\"wp-block-image\"><figure class=\"aligncenter\"><img loading=\"lazy\" decoding=\"async\" width=\"1024\" height=\"498\" src=\"https:\/\/www.cestbeauca.fr\/wp-content\/uploads\/2019\/05\/IMG-20190428-WA0020-1024x498.jpg\" alt=\"\" class=\"wp-image-2687\" srcset=\"https:\/\/www.cestbeauca.fr\/wp-content\/uploads\/2019\/05\/IMG-20190428-WA0020.jpg 1024w, https:\/\/www.cestbeauca.fr\/wp-content\/uploads\/2019\/05\/IMG-20190428-WA0020-300x146.jpg 300w, https:\/\/www.cestbeauca.fr\/wp-content\/uploads\/2019\/05\/IMG-20190428-WA0020-768x374.jpg 768w\" sizes=\"(max-width: 1024px) 100vw, 1024px\" \/><figcaption>Pendant notre week-end de retour&#8230; C&rsquo;est beau \u00e7a comme conclusion non ?                         <em>Photo de Jean-Marie Vaude.<\/em><\/figcaption><\/figure><\/div>\n\n\n<p><\/p>\n<div>Votre retour ? Pas d\u00e9primant ?<\/div>\n<div>&nbsp;<\/div>\n<div style=\"text-align: justify;\">Non parce que l&rsquo;id\u00e9e maintenant est de nous trouver un nouveau quartier, un nouvel environnement dans lequel nous int\u00e9grer. De continuer la construction de notre vie en gardant bien en t\u00eate de rester libres, de ne pas nous enfermer dans une logique pr\u00e9-d\u00e9finie, de toujours regarder les choses sous plusieurs angles, et de ne pas avoir peur parce qu&rsquo;on peut faire de grandes choses avec l&rsquo;enthousiasme ! La positivit\u00e9 ouvre beaucoup de portes ! Et c&rsquo;est beau \u00e7a non ?<\/div>\n<div>&nbsp;<\/div>\n<div style=\"text-align: right;\"><em>Maeva<\/em><\/div>\n<p><\/p>\n<p><\/p>\n\n\n<div class=\"wp-block-image\"><figure class=\"aligncenter\"><img loading=\"lazy\" decoding=\"async\" width=\"1024\" height=\"731\" src=\"https:\/\/www.cestbeauca.fr\/wp-content\/uploads\/2019\/05\/IMG-20190428-WA0011-1024x731.jpg\" alt=\"\" class=\"wp-image-2688\" srcset=\"https:\/\/www.cestbeauca.fr\/wp-content\/uploads\/2019\/05\/IMG-20190428-WA0011-1024x731.jpg 1024w, https:\/\/www.cestbeauca.fr\/wp-content\/uploads\/2019\/05\/IMG-20190428-WA0011-300x214.jpg 300w, https:\/\/www.cestbeauca.fr\/wp-content\/uploads\/2019\/05\/IMG-20190428-WA0011-768x548.jpg 768w, https:\/\/www.cestbeauca.fr\/wp-content\/uploads\/2019\/05\/IMG-20190428-WA0011-1400x999.jpg 1400w, https:\/\/www.cestbeauca.fr\/wp-content\/uploads\/2019\/05\/IMG-20190428-WA0011.jpg 1600w\" sizes=\"(max-width: 1024px) 100vw, 1024px\" \/><figcaption>Toujours pendant notre week-end. <em>Photo de Tiphaine Tarris.<\/em><\/figcaption><\/figure><\/div>\n","protected":false},"excerpt":{"rendered":"<p>Nous avons mis une semaine pour arr\u00eater d&rsquo;h\u00e9siter entre mettre le papier toilette dans une poubelle ou dans la cuvette. Nous avons mis deux semaines pour boire l&rsquo;eau du robinet sans h\u00e9sitation. Nous avons mis trois semaines pour trouver notre nouveau chez nous. Et \u00e0&hellip;<\/p>\n","protected":false},"author":2,"featured_media":2683,"comment_status":"open","ping_status":"open","sticky":false,"template":"","format":"standard","meta":{"footnotes":""},"categories":[6],"tags":[],"class_list":["post-2680","post","type-post","status-publish","format-standard","has-post-thumbnail","hentry","category-notre-quotidien"],"post_mailing_queue_ids":[],"_links":{"self":[{"href":"https:\/\/www.cestbeauca.fr\/index.php\/wp-json\/wp\/v2\/posts\/2680"}],"collection":[{"href":"https:\/\/www.cestbeauca.fr\/index.php\/wp-json\/wp\/v2\/posts"}],"about":[{"href":"https:\/\/www.cestbeauca.fr\/index.php\/wp-json\/wp\/v2\/types\/post"}],"author":[{"embeddable":true,"href":"https:\/\/www.cestbeauca.fr\/index.php\/wp-json\/wp\/v2\/users\/2"}],"replies":[{"embeddable":true,"href":"https:\/\/www.cestbeauca.fr\/index.php\/wp-json\/wp\/v2\/comments?post=2680"}],"version-history":[{"count":5,"href":"https:\/\/www.cestbeauca.fr\/index.php\/wp-json\/wp\/v2\/posts\/2680\/revisions"}],"predecessor-version":[{"id":2691,"href":"https:\/\/www.cestbeauca.fr\/index.php\/wp-json\/wp\/v2\/posts\/2680\/revisions\/2691"}],"wp:featuredmedia":[{"embeddable":true,"href":"https:\/\/www.cestbeauca.fr\/index.php\/wp-json\/wp\/v2\/media\/2683"}],"wp:attachment":[{"href":"https:\/\/www.cestbeauca.fr\/index.php\/wp-json\/wp\/v2\/media?parent=2680"}],"wp:term":[{"taxonomy":"category","embeddable":true,"href":"https:\/\/www.cestbeauca.fr\/index.php\/wp-json\/wp\/v2\/categories?post=2680"},{"taxonomy":"post_tag","embeddable":true,"href":"https:\/\/www.cestbeauca.fr\/index.php\/wp-json\/wp\/v2\/tags?post=2680"}],"curies":[{"name":"wp","href":"https:\/\/api.w.org\/{rel}","templated":true}]}}