{"id":2674,"date":"2019-05-27T17:51:17","date_gmt":"2019-05-27T15:51:17","guid":{"rendered":"https:\/\/www.cestbeauca.fr\/?p=2674"},"modified":"2019-05-27T17:52:56","modified_gmt":"2019-05-27T15:52:56","slug":"cafe-valle-de-umbra","status":"publish","type":"post","link":"https:\/\/www.cestbeauca.fr\/index.php\/2019\/05\/27\/cafe-valle-de-umbra\/","title":{"rendered":"Caf\u00e9 Valle de Umbra"},"content":{"rendered":"<p style=\"text-align: justify;\">Il y a quelques semaines, Maeva recevait un message de Gloria, la maman de Valentina, chez qui nous avons fait du woofing en Colombie. Elle nous donnait des nouvelles. Pas des moindres, c\u2019\u00e9tait pour nous annoncer le lancement de son site internet li\u00e9 \u00e0 son projet de production de caf\u00e9.<\/p>\n<p style=\"text-align: justify;\">Quelle belle surprise pour nous de constater l\u2019avancement de ce beau projet. Nous ne connaissions pas la production du caf\u00e9 mais nous en avons appris beaucoup sur place, \u00e0 la finca. Heureux d\u2019avoir pu go\u00fbter le produit fini, ce qui est tr\u00e8s rare pour les travailleurs qui r\u00e9coltent les grains de caf\u00e9 perch\u00e9s dans les hauteurs de la vall\u00e9e de Umbra \u00e0 plus de 1400 m\u00e8tres d\u2019altitude.<\/p>\n<p style=\"text-align: justify;\">Comme nous aimons ce projet, nous vous communiquons le lien du site internet o\u00f9 vous pourrez en apprendre davantage sur ce caf\u00e9 et retrouver notre film et quelques photos\u00a0: <a href=\"http:\/\/www.valledeumbra.com\">www.valledeumbra.com<\/a><\/p>\n<p style=\"text-align: justify;\">Vous pouvez les suivre \u00e9galement sur instagram : cafe_valledeumbra_colombia et un jour peut-\u00eatre acheter de leur caf\u00e9 ! Pour l\u2019instant ils ne livrent que la Colombie.<\/p>\n<p style=\"text-align: justify;\">Nous essayerons de nous procurer quelques grains afin de pouvoir vous faire partager tout ses ar\u00f4mes\u00a0!<\/p>\n<p style=\"text-align: justify;\">Un jour, nous aurons le plaisir de retourner \u00e0 la finca pour retrouver cette belle famille qui nous a si gentiment accueilli.<\/p>\n<p>\u00a0<\/p>\n\n\n<figure class=\"wp-block-embed-youtube wp-block-embed is-type-video is-provider-youtube wp-embed-aspect-16-9 wp-has-aspect-ratio\"><div class=\"wp-block-embed__wrapper\">\n<iframe loading=\"lazy\"  id=\"_ytid_97909\"  width=\"1200\" height=\"675\"  data-origwidth=\"1200\" data-origheight=\"675\" src=\"https:\/\/www.youtube.com\/embed\/MBmRKKGzSkY?enablejsapi=1&#038;autoplay=0&#038;cc_load_policy=0&#038;cc_lang_pref=&#038;iv_load_policy=1&#038;loop=0&#038;modestbranding=0&#038;rel=1&#038;fs=1&#038;playsinline=0&#038;autohide=2&#038;theme=dark&#038;color=red&#038;controls=1&#038;\" class=\"__youtube_prefs__  epyt-is-override  no-lazyload\" title=\"YouTube player\"  allow=\"fullscreen; accelerometer; autoplay; clipboard-write; encrypted-media; gyroscope; picture-in-picture\" allowfullscreen data-no-lazy=\"1\" data-skipgform_ajax_framebjll=\"\"><\/iframe>\n<\/div><\/figure>\n\n\n\n<p><\/p>\n\n\n<p>\u00a0<\/p>\n<p style=\"text-align: right;\"><em>Maeva &amp; Vincent<\/em><\/p>","protected":false},"excerpt":{"rendered":"<p>Il y a quelques semaines, Maeva recevait un message de Gloria, la maman de Valentina, chez qui nous avons fait du woofing en Colombie. Elle nous donnait des nouvelles. Pas des moindres, c\u2019\u00e9tait pour nous annoncer le lancement de son site internet li\u00e9 \u00e0 son&hellip;<\/p>\n","protected":false},"author":3,"featured_media":2673,"comment_status":"open","ping_status":"open","sticky":false,"template":"","format":"standard","meta":{"footnotes":""},"categories":[33,6],"tags":[],"class_list":["post-2674","post","type-post","status-publish","format-standard","has-post-thumbnail","hentry","category-leursprojets","category-notre-quotidien"],"post_mailing_queue_ids":[],"_links":{"self":[{"href":"https:\/\/www.cestbeauca.fr\/index.php\/wp-json\/wp\/v2\/posts\/2674"}],"collection":[{"href":"https:\/\/www.cestbeauca.fr\/index.php\/wp-json\/wp\/v2\/posts"}],"about":[{"href":"https:\/\/www.cestbeauca.fr\/index.php\/wp-json\/wp\/v2\/types\/post"}],"author":[{"embeddable":true,"href":"https:\/\/www.cestbeauca.fr\/index.php\/wp-json\/wp\/v2\/users\/3"}],"replies":[{"embeddable":true,"href":"https:\/\/www.cestbeauca.fr\/index.php\/wp-json\/wp\/v2\/comments?post=2674"}],"version-history":[{"count":4,"href":"https:\/\/www.cestbeauca.fr\/index.php\/wp-json\/wp\/v2\/posts\/2674\/revisions"}],"predecessor-version":[{"id":2678,"href":"https:\/\/www.cestbeauca.fr\/index.php\/wp-json\/wp\/v2\/posts\/2674\/revisions\/2678"}],"wp:featuredmedia":[{"embeddable":true,"href":"https:\/\/www.cestbeauca.fr\/index.php\/wp-json\/wp\/v2\/media\/2673"}],"wp:attachment":[{"href":"https:\/\/www.cestbeauca.fr\/index.php\/wp-json\/wp\/v2\/media?parent=2674"}],"wp:term":[{"taxonomy":"category","embeddable":true,"href":"https:\/\/www.cestbeauca.fr\/index.php\/wp-json\/wp\/v2\/categories?post=2674"},{"taxonomy":"post_tag","embeddable":true,"href":"https:\/\/www.cestbeauca.fr\/index.php\/wp-json\/wp\/v2\/tags?post=2674"}],"curies":[{"name":"wp","href":"https:\/\/api.w.org\/{rel}","templated":true}]}}